{"id":7133,"date":"2026-01-13T15:59:35","date_gmt":"2026-01-13T14:59:35","guid":{"rendered":"http:\/\/www.mirador4vientos.com\/blog_para_bodas_madrid\/?p=7133"},"modified":"2026-01-13T15:59:36","modified_gmt":"2026-01-13T14:59:36","slug":"y-si-creas-tu-propio-ramo","status":"publish","type":"post","link":"http:\/\/www.mirador4vientos.com\/blog_para_bodas_madrid\/y-si-creas-tu-propio-ramo\/","title":{"rendered":"\u00bfY si creas tu propio ramo?"},"content":{"rendered":"\n<p>Marta, una de nuestras novias del 2025, nos cont\u00f3 c\u00f3mo hab\u00eda creado ella misma su ramo, y acompa\u00f1ada de sus seres queridos.<\/p>\n\n\n\n<p>En algunas florister\u00edas ofrecen talleres para crear tu ramo en familia. Nos contaba que la florista le pregunt\u00f3 cu\u00e1l era su idea sobre el ramo, ella le dijo que quer\u00eda un ramo sencillo de flores peque\u00f1itas, con blanco, verde, y que le &nbsp;quer\u00eda poner una cinta turquesa porque as\u00ed eran sus zapatos.<\/p>\n\n\n\n<p>La florista eligi\u00f3 las flores que podr\u00edan encajar para crearlo y se reunieron en una tarde divertida y en familia con su hermana, su madre, su padre y sus dos mejores amigas.<\/p>\n\n\n\n<p>Nos pareci\u00f3 una idea original y bonita, adem\u00e1s de ser un rato maravilloso para pasar con las personas que quieres y hacerles m\u00e1s part\u00edcipes de tu d\u00eda. \u00bfTe gusta la idea?<\/p>\n","protected":false},"excerpt":{"rendered":"<p>Marta, una de nuestras novias del 2025, nos cont\u00f3 c\u00f3mo hab\u00eda creado ella misma su ramo, y acompa\u00f1ada de sus seres queridos. En algunas florister\u00edas ofrecen talleres para crear tu ramo en familia. Nos contaba que la florista le pregunt\u00f3 cu\u00e1l era su idea sobre el ramo, ella le dijo que quer\u00eda un ramo sencillo&#8230;<\/p>\n","protected":false},"author":1,"featured_media":7135,"comment_status":"open","ping_status":"open","sticky":false,"template":"","format":"standard","meta":[],"categories":[57,190,118,164,43,136,1],"tags":[60,23,19,193,167,197,195,24,196],"_links":{"self":[{"href":"http:\/\/www.mirador4vientos.com\/blog_para_bodas_madrid\/wp-json\/wp\/v2\/posts\/7133"}],"collection":[{"href":"http:\/\/www.mirador4vientos.com\/blog_para_bodas_madrid\/wp-json\/wp\/v2\/posts"}],"about":[{"href":"http:\/\/www.mirador4vientos.com\/blog_para_bodas_madrid\/wp-json\/wp\/v2\/types\/post"}],"author":[{"embeddable":true,"href":"http:\/\/www.mirador4vientos.com\/blog_para_bodas_madrid\/wp-json\/wp\/v2\/users\/1"}],"replies":[{"embeddable":true,"href":"http:\/\/www.mirador4vientos.com\/blog_para_bodas_madrid\/wp-json\/wp\/v2\/comments?post=7133"}],"version-history":[{"count":2,"href":"http:\/\/www.mirador4vientos.com\/blog_para_bodas_madrid\/wp-json\/wp\/v2\/posts\/7133\/revisions"}],"predecessor-version":[{"id":7136,"href":"http:\/\/www.mirador4vientos.com\/blog_para_bodas_madrid\/wp-json\/wp\/v2\/posts\/7133\/revisions\/7136"}],"wp:featuredmedia":[{"embeddable":true,"href":"http:\/\/www.mirador4vientos.com\/blog_para_bodas_madrid\/wp-json\/wp\/v2\/media\/7135"}],"wp:attachment":[{"href":"http:\/\/www.mirador4vientos.com\/blog_para_bodas_madrid\/wp-json\/wp\/v2\/media?parent=7133"}],"wp:term":[{"taxonomy":"category","embeddable":true,"href":"http:\/\/www.mirador4vientos.com\/blog_para_bodas_madrid\/wp-json\/wp\/v2\/categories?post=7133"},{"taxonomy":"post_tag","embeddable":true,"href":"http:\/\/www.mirador4vientos.com\/blog_para_bodas_madrid\/wp-json\/wp\/v2\/tags?post=7133"}],"curies":[{"name":"wp","href":"https:\/\/api.w.org\/{rel}","templated":true}]}}