{"id":3273,"date":"2013-07-26T08:54:29","date_gmt":"2013-07-26T08:54:29","guid":{"rendered":"http:\/\/www.mirador4vientos.com\/blog_para_bodas_madrid\/?p=3273"},"modified":"2013-08-27T18:45:00","modified_gmt":"2013-08-27T18:45:00","slug":"la-boda-de-isabel-san-juan","status":"publish","type":"post","link":"http:\/\/www.mirador4vientos.com\/blog_para_bodas_madrid\/la-boda-de-isabel-san-juan\/","title":{"rendered":"La Boda de Isabel San Juan"},"content":{"rendered":"<p style=\"text-align: center;\">Isabel San Juan y Juan Francisco ya se ha casado.<\/p>\n<p style=\"text-align: center;\"><img loading=\"lazy\" class=\"alignnone size-full wp-image-3312\" alt=\"Boda Mirador.\" src=\"http:\/\/www.mirador4vientos.com\/blog_para_bodas_madrid\/wp-content\/uploads\/2013\/07\/5c862c11e39e724fbac79b46e66bdcb9-1.jpg\" width=\"567\" height=\"851\" srcset=\"http:\/\/www.mirador4vientos.com\/blog_para_bodas_madrid\/wp-content\/uploads\/2013\/07\/5c862c11e39e724fbac79b46e66bdcb9-1.jpg 567w, http:\/\/www.mirador4vientos.com\/blog_para_bodas_madrid\/wp-content\/uploads\/2013\/07\/5c862c11e39e724fbac79b46e66bdcb9-1-99x150.jpg 99w, http:\/\/www.mirador4vientos.com\/blog_para_bodas_madrid\/wp-content\/uploads\/2013\/07\/5c862c11e39e724fbac79b46e66bdcb9-1-133x200.jpg 133w\" sizes=\"(max-width: 567px) 100vw, 567px\" \/><\/p>\n<p style=\"text-align: center;\">Salieron dando saltos de alegr\u00eda<\/p>\n<p style=\"text-align: center;\"><img loading=\"lazy\" class=\"alignnone size-full wp-image-3304\" alt=\"Boda Mirador\" src=\"http:\/\/www.mirador4vientos.com\/blog_para_bodas_madrid\/wp-content\/uploads\/2013\/07\/360d3ee913a1b4169d2d2bbeb67b27a1.jpg\" width=\"567\" height=\"851\" srcset=\"http:\/\/www.mirador4vientos.com\/blog_para_bodas_madrid\/wp-content\/uploads\/2013\/07\/360d3ee913a1b4169d2d2bbeb67b27a1.jpg 567w, http:\/\/www.mirador4vientos.com\/blog_para_bodas_madrid\/wp-content\/uploads\/2013\/07\/360d3ee913a1b4169d2d2bbeb67b27a1-99x150.jpg 99w, http:\/\/www.mirador4vientos.com\/blog_para_bodas_madrid\/wp-content\/uploads\/2013\/07\/360d3ee913a1b4169d2d2bbeb67b27a1-133x200.jpg 133w\" sizes=\"(max-width: 567px) 100vw, 567px\" \/><\/p>\n<p style=\"text-align: center;\">Y despu\u00e9s de tanto arroz&#8230;<\/p>\n<p style=\"text-align: center;\"><img loading=\"lazy\" class=\"alignnone size-full wp-image-3313\" alt=\"Boda Mirador\" src=\"http:\/\/www.mirador4vientos.com\/blog_para_bodas_madrid\/wp-content\/uploads\/2013\/07\/ea5fa196a9f0cf2d8767fa83e6a11923.jpg\" width=\"567\" height=\"851\" srcset=\"http:\/\/www.mirador4vientos.com\/blog_para_bodas_madrid\/wp-content\/uploads\/2013\/07\/ea5fa196a9f0cf2d8767fa83e6a11923.jpg 567w, http:\/\/www.mirador4vientos.com\/blog_para_bodas_madrid\/wp-content\/uploads\/2013\/07\/ea5fa196a9f0cf2d8767fa83e6a11923-99x150.jpg 99w, http:\/\/www.mirador4vientos.com\/blog_para_bodas_madrid\/wp-content\/uploads\/2013\/07\/ea5fa196a9f0cf2d8767fa83e6a11923-133x200.jpg 133w\" sizes=\"(max-width: 567px) 100vw, 567px\" \/><\/p>\n<p style=\"text-align: center;\">Se dieron a la fuga&#8230;<\/p>\n<p style=\"text-align: center;\"><img loading=\"lazy\" class=\"alignnone size-full wp-image-3310\" alt=\"f12d0838fd757822f151740826e235a5\" src=\"http:\/\/www.mirador4vientos.com\/blog_para_bodas_madrid\/wp-content\/uploads\/2013\/07\/f12d0838fd757822f151740826e235a5.jpg\" width=\"567\" height=\"684\" srcset=\"http:\/\/www.mirador4vientos.com\/blog_para_bodas_madrid\/wp-content\/uploads\/2013\/07\/f12d0838fd757822f151740826e235a5.jpg 567w, http:\/\/www.mirador4vientos.com\/blog_para_bodas_madrid\/wp-content\/uploads\/2013\/07\/f12d0838fd757822f151740826e235a5-124x150.jpg 124w, http:\/\/www.mirador4vientos.com\/blog_para_bodas_madrid\/wp-content\/uploads\/2013\/07\/f12d0838fd757822f151740826e235a5-165x200.jpg 165w\" sizes=\"(max-width: 567px) 100vw, 567px\" \/><\/p>\n<p style=\"text-align: center;\">Ay JuanFran&#8230; Que cuando se enteren del men\u00fa&#8230;<\/p>\n<p style=\"text-align: center;\"><img loading=\"lazy\" class=\" wp-image-3314 aligncenter\" title=\"Boda Mirador\" alt=\"Boda Mirador\" src=\"http:\/\/www.mirador4vientos.com\/blog_para_bodas_madrid\/wp-content\/uploads\/2013\/07\/MIRADOR-276.jpg\" width=\"560\" height=\"840\" srcset=\"http:\/\/www.mirador4vientos.com\/blog_para_bodas_madrid\/wp-content\/uploads\/2013\/07\/MIRADOR-276.jpg 2592w, http:\/\/www.mirador4vientos.com\/blog_para_bodas_madrid\/wp-content\/uploads\/2013\/07\/MIRADOR-276-100x150.jpg 100w, http:\/\/www.mirador4vientos.com\/blog_para_bodas_madrid\/wp-content\/uploads\/2013\/07\/MIRADOR-276-133x200.jpg 133w, http:\/\/www.mirador4vientos.com\/blog_para_bodas_madrid\/wp-content\/uploads\/2013\/07\/MIRADOR-276-682x1024.jpg 682w\" sizes=\"(max-width: 560px) 100vw, 560px\" \/><\/p>\n<p style=\"text-align: center;\">No importa Isabel&#8230; b\u00e9same<\/p>\n<p style=\"text-align: center;\"><img loading=\"lazy\" class=\"alignnone size-full wp-image-3284\" alt=\"beso\" src=\"http:\/\/www.mirador4vientos.com\/blog_para_bodas_madrid\/wp-content\/uploads\/2013\/07\/beso.jpg\" width=\"567\" height=\"558\" srcset=\"http:\/\/www.mirador4vientos.com\/blog_para_bodas_madrid\/wp-content\/uploads\/2013\/07\/beso.jpg 567w, http:\/\/www.mirador4vientos.com\/blog_para_bodas_madrid\/wp-content\/uploads\/2013\/07\/beso-150x147.jpg 150w, http:\/\/www.mirador4vientos.com\/blog_para_bodas_madrid\/wp-content\/uploads\/2013\/07\/beso-200x196.jpg 200w\" sizes=\"(max-width: 567px) 100vw, 567px\" \/><\/p>\n<p style=\"text-align: center;\">Me pegu\u00e9 como una lapa a\u00a0 <strong>Manuel del Amo<\/strong>, de<a title=\"master fotografos\" href=\"http:\/\/masterfotografos.com\/\" target=\"_blank\"> Master Fot\u00f3grafos<\/a>,\u00a0 y siguiendo sus instrucciones logr\u00e9 hacer un precioso reportaje con posados de los novios que podr\u00e9is encontrar \u00a0junto al resto de las fotograf\u00eda de la ceremonia.<\/p>\n<p style=\"text-align: center;\"><a href=\"http:\/\/pinterest.com\/mirador4vientos\/isabel-y-juan-francisco\/\">http:\/\/pinterest.com\/mirador4vientos\/isabel-y-juan-francisco\/<\/a><\/p>\n","protected":false},"excerpt":{"rendered":"<p>Isabel San Juan y Juan Francisco ya se ha casado. Salieron dando saltos de alegr\u00eda Y despu\u00e9s de tanto arroz&#8230; Se dieron a la fuga&#8230; Ay JuanFran&#8230; Que cuando se enteren del men\u00fa&#8230; No importa Isabel&#8230; b\u00e9same Me pegu\u00e9 como una lapa a\u00a0 Manuel del Amo, de Master Fot\u00f3grafos,\u00a0 y siguiendo sus instrucciones logr\u00e9 hacer&#8230;<\/p>\n","protected":false},"author":1,"featured_media":3285,"comment_status":"open","ping_status":"open","sticky":false,"template":"","format":"standard","meta":[],"categories":[1],"tags":[23,19],"_links":{"self":[{"href":"http:\/\/www.mirador4vientos.com\/blog_para_bodas_madrid\/wp-json\/wp\/v2\/posts\/3273"}],"collection":[{"href":"http:\/\/www.mirador4vientos.com\/blog_para_bodas_madrid\/wp-json\/wp\/v2\/posts"}],"about":[{"href":"http:\/\/www.mirador4vientos.com\/blog_para_bodas_madrid\/wp-json\/wp\/v2\/types\/post"}],"author":[{"embeddable":true,"href":"http:\/\/www.mirador4vientos.com\/blog_para_bodas_madrid\/wp-json\/wp\/v2\/users\/1"}],"replies":[{"embeddable":true,"href":"http:\/\/www.mirador4vientos.com\/blog_para_bodas_madrid\/wp-json\/wp\/v2\/comments?post=3273"}],"version-history":[{"count":16,"href":"http:\/\/www.mirador4vientos.com\/blog_para_bodas_madrid\/wp-json\/wp\/v2\/posts\/3273\/revisions"}],"predecessor-version":[{"id":3319,"href":"http:\/\/www.mirador4vientos.com\/blog_para_bodas_madrid\/wp-json\/wp\/v2\/posts\/3273\/revisions\/3319"}],"wp:featuredmedia":[{"embeddable":true,"href":"http:\/\/www.mirador4vientos.com\/blog_para_bodas_madrid\/wp-json\/wp\/v2\/media\/3285"}],"wp:attachment":[{"href":"http:\/\/www.mirador4vientos.com\/blog_para_bodas_madrid\/wp-json\/wp\/v2\/media?parent=3273"}],"wp:term":[{"taxonomy":"category","embeddable":true,"href":"http:\/\/www.mirador4vientos.com\/blog_para_bodas_madrid\/wp-json\/wp\/v2\/categories?post=3273"},{"taxonomy":"post_tag","embeddable":true,"href":"http:\/\/www.mirador4vientos.com\/blog_para_bodas_madrid\/wp-json\/wp\/v2\/tags?post=3273"}],"curies":[{"name":"wp","href":"https:\/\/api.w.org\/{rel}","templated":true}]}}