{"id":2913,"date":"2013-08-06T08:16:16","date_gmt":"2013-08-06T08:16:16","guid":{"rendered":"http:\/\/www.mirador4vientos.com\/blog_para_bodas_madrid\/?p=2913"},"modified":"2013-08-27T18:44:39","modified_gmt":"2013-08-27T18:44:39","slug":"con-su-camisita-y-su-canesu","status":"publish","type":"post","link":"http:\/\/www.mirador4vientos.com\/blog_para_bodas_madrid\/con-su-camisita-y-su-canesu\/","title":{"rendered":"&#8230; con su camisita y su canes\u00fa"},"content":{"rendered":"<p style=\"text-align: justify;\">Pensamos en aquellas novias que van a celebrar su boda cuando el verano de sus \u00faltimos coletazos y el paisaje comience vestir sus colores de oto\u00f1o. Las temperaturas habr\u00e1n bajado y ya no ser\u00e1 tiempo de lucir grandes escotes y hombros al descubierto.\u00a0 Entonces, por qu\u00e9 no recurrir al elegante y favorecedor \u00ab<strong>camisero\u00bb<\/strong><br \/>\nEste tipo de vestido se populariz\u00f3 en los a\u00f1os 50, y desde entonces ha estado presente en las colecciones de los principales dise\u00f1adores. Muy pronto fue extendiendo su influencia y se hizo un importante hueco en la <strong>moda nupcial<\/strong>. Podemos encontrarlos en m\u00faltiples versiones: con mangas largas, cortas o sin mangas; tejidos de todo tipo, desde la gasa al encaje; de dos piezas con botones en la parte superior o como una pieza con botones de arriba a abajo .<\/p>\n<p><img loading=\"lazy\" class=\"size-full wp-image-2914 aligncenter\" alt=\"1 rosa+clara+cuello+camisero\" src=\"http:\/\/www.mirador4vientos.com\/blog_para_bodas_madrid\/wp-content\/uploads\/2013\/06\/1-rosa+clara+cuello+camisero.jpg\" width=\"700\" height=\"500\" srcset=\"http:\/\/www.mirador4vientos.com\/blog_para_bodas_madrid\/wp-content\/uploads\/2013\/06\/1-rosa+clara+cuello+camisero.jpg 700w, http:\/\/www.mirador4vientos.com\/blog_para_bodas_madrid\/wp-content\/uploads\/2013\/06\/1-rosa+clara+cuello+camisero-150x107.jpg 150w, http:\/\/www.mirador4vientos.com\/blog_para_bodas_madrid\/wp-content\/uploads\/2013\/06\/1-rosa+clara+cuello+camisero-200x142.jpg 200w\" sizes=\"(max-width: 700px) 100vw, 700px\" \/><\/p>\n<p>&nbsp;<\/p>\n<p style=\"text-align: center;\"><strong>Colecci\u00f3n Rosa Clar\u00e1 2013<\/strong><\/p>\n<p>&nbsp;<\/p>\n<p style=\"text-align: center;\"><img loading=\"lazy\" class=\"alignnone size-full wp-image-2915\" alt=\"1 Jes\u00fas-Peir\u00f3-Colecci\u00f3n-novia-2013-BBW12-2\" src=\"http:\/\/www.mirador4vientos.com\/blog_para_bodas_madrid\/wp-content\/uploads\/2013\/06\/1-Jes\u00fas-Peir\u00f3-Colecci\u00f3n-novia-2013-BBW12-2.jpg\" width=\"400\" height=\"600\" \/><\/p>\n<p>&nbsp;<\/p>\n<p style=\"text-align: center;\"><strong>Colecci\u00f3n Jes\u00fas Peir\u00f3 2013<\/strong><\/p>\n<p>&nbsp;<\/p>\n<p style=\"text-align: center;\"><img loading=\"lazy\" class=\"alignnone size-full wp-image-2916\" alt=\"ZAPARDIEL Y PRONOVIAS\" src=\"http:\/\/www.mirador4vientos.com\/blog_para_bodas_madrid\/wp-content\/uploads\/2013\/06\/ZAPARDIEL-Y-PRONOVIAS.jpg\" width=\"604\" height=\"523\" srcset=\"http:\/\/www.mirador4vientos.com\/blog_para_bodas_madrid\/wp-content\/uploads\/2013\/06\/ZAPARDIEL-Y-PRONOVIAS.jpg 604w, http:\/\/www.mirador4vientos.com\/blog_para_bodas_madrid\/wp-content\/uploads\/2013\/06\/ZAPARDIEL-Y-PRONOVIAS-150x129.jpg 150w, http:\/\/www.mirador4vientos.com\/blog_para_bodas_madrid\/wp-content\/uploads\/2013\/06\/ZAPARDIEL-Y-PRONOVIAS-200x173.jpg 200w\" sizes=\"(max-width: 604px) 100vw, 604px\" \/><\/p>\n<p style=\"text-align: center;\"><strong>Camiseros de <a href=\"http:\/\/www.isabelzapardiez.com\/blog\/?p=1823\" target=\"_blank\">Isabel Zapardiez<\/a> y <a href=\"http:\/\/www.pronovias.es\/vestidos-novia-2014\" target=\"_blank\">Pronovias<\/a> de sus colecci\u00f3nes 2014<\/strong><\/p>\n<p style=\"text-align: center;\"><img loading=\"lazy\" class=\"alignnone size-full wp-image-2917\" alt=\"vestido+gris+novia+manga+larga\" src=\"http:\/\/www.mirador4vientos.com\/blog_para_bodas_madrid\/wp-content\/uploads\/2013\/06\/vestido+gris+novia+manga+larga.jpg\" width=\"650\" height=\"542\" srcset=\"http:\/\/www.mirador4vientos.com\/blog_para_bodas_madrid\/wp-content\/uploads\/2013\/06\/vestido+gris+novia+manga+larga.jpg 650w, http:\/\/www.mirador4vientos.com\/blog_para_bodas_madrid\/wp-content\/uploads\/2013\/06\/vestido+gris+novia+manga+larga-150x125.jpg 150w, http:\/\/www.mirador4vientos.com\/blog_para_bodas_madrid\/wp-content\/uploads\/2013\/06\/vestido+gris+novia+manga+larga-200x166.jpg 200w\" sizes=\"(max-width: 650px) 100vw, 650px\" \/><\/p>\n<p style=\"text-align: center;\">Si el modelo consta de dos piezas, la camisa suele combinarse con una falda de gran volumen.\u00a0 Bueno, s\u00ed, estoy de acuerdo con vosotras: esta falda es un poco exagerada, \u2028pero no me negareis el efecto de la blusa con el gran lazo del faj\u00edn es todo un espect\u00e1culo.<\/p>\n<p style=\"text-align: justify;\">Como habr\u00e9is podido comprobar, si os decid\u00eds por el \u00abcamisero\u00bb, en el mercado encontraeis una gran oferta y variedad de modelos.<\/p>\n<p style=\"text-align: justify;\">Fuente:<a href=\"http:\/\/www.webnovias.com\/blog\/consejos-de-moda-vestidos-camiseros\/\" target=\"_blank\"> Webnovias.<\/a> Fotograf\u00edas Google y Pinterest.<\/p>\n<p style=\"text-align: justify;\">\n","protected":false},"excerpt":{"rendered":"<p>Pensamos en aquellas novias que van a celebrar su boda cuando el verano de sus \u00faltimos coletazos y el paisaje comience vestir sus colores de oto\u00f1o. Las temperaturas habr\u00e1n bajado y ya no ser\u00e1 tiempo de lucir grandes escotes y hombros al descubierto.\u00a0 Entonces, por qu\u00e9 no recurrir al elegante y favorecedor \u00abcamisero\u00bb Este tipo&#8230;<\/p>\n","protected":false},"author":1,"featured_media":2918,"comment_status":"open","ping_status":"open","sticky":false,"template":"","format":"standard","meta":[],"categories":[1],"tags":[23,19,24,7],"_links":{"self":[{"href":"http:\/\/www.mirador4vientos.com\/blog_para_bodas_madrid\/wp-json\/wp\/v2\/posts\/2913"}],"collection":[{"href":"http:\/\/www.mirador4vientos.com\/blog_para_bodas_madrid\/wp-json\/wp\/v2\/posts"}],"about":[{"href":"http:\/\/www.mirador4vientos.com\/blog_para_bodas_madrid\/wp-json\/wp\/v2\/types\/post"}],"author":[{"embeddable":true,"href":"http:\/\/www.mirador4vientos.com\/blog_para_bodas_madrid\/wp-json\/wp\/v2\/users\/1"}],"replies":[{"embeddable":true,"href":"http:\/\/www.mirador4vientos.com\/blog_para_bodas_madrid\/wp-json\/wp\/v2\/comments?post=2913"}],"version-history":[{"count":20,"href":"http:\/\/www.mirador4vientos.com\/blog_para_bodas_madrid\/wp-json\/wp\/v2\/posts\/2913\/revisions"}],"predecessor-version":[{"id":3723,"href":"http:\/\/www.mirador4vientos.com\/blog_para_bodas_madrid\/wp-json\/wp\/v2\/posts\/2913\/revisions\/3723"}],"wp:featuredmedia":[{"embeddable":true,"href":"http:\/\/www.mirador4vientos.com\/blog_para_bodas_madrid\/wp-json\/wp\/v2\/media\/2918"}],"wp:attachment":[{"href":"http:\/\/www.mirador4vientos.com\/blog_para_bodas_madrid\/wp-json\/wp\/v2\/media?parent=2913"}],"wp:term":[{"taxonomy":"category","embeddable":true,"href":"http:\/\/www.mirador4vientos.com\/blog_para_bodas_madrid\/wp-json\/wp\/v2\/categories?post=2913"},{"taxonomy":"post_tag","embeddable":true,"href":"http:\/\/www.mirador4vientos.com\/blog_para_bodas_madrid\/wp-json\/wp\/v2\/tags?post=2913"}],"curies":[{"name":"wp","href":"https:\/\/api.w.org\/{rel}","templated":true}]}}